{"id":1116,"date":"2022-01-24T07:24:36","date_gmt":"2022-01-24T07:24:36","guid":{"rendered":"http:\/\/www.suvag.hr\/ssj\/?p=1116"},"modified":"2022-01-24T07:24:38","modified_gmt":"2022-01-24T07:24:38","slug":"cestitke-na-osvojenom-1-mjestu-na-tradicionalnom-bozicnom-natjecanju","status":"publish","type":"post","link":"http:\/\/www.suvag.hr\/ssj\/cestitke-na-osvojenom-1-mjestu-na-tradicionalnom-bozicnom-natjecanju\/","title":{"rendered":"\u010cestitke na osvojenom 1. mjestu na tradicionalnom Bo\u017ei\u0107nom natjecanju"},"content":{"rendered":"\n<p><em><strong>Na\u0161i polaznici pred\u0161kolskog engleskog:<\/strong><\/em><\/p>\n\n\n\n<p><strong><em>Katja Ferderber<br>Lukas Beusan<\/em><\/strong><br><strong><em>Dina Bagatin<\/em><\/strong><br><strong><em>Marijo Bagatin<\/em><\/strong><br><em><strong>Marta Budi\u0161a<\/strong><\/em><br><strong><em>Petra Cakta\u0161<\/em><\/strong><br><em><strong>Amani Jaklin<\/strong><\/em><br><em><strong>Franka Bili\u0107<\/strong><\/em><br><em><strong>Toma Bili\u0107<\/strong><\/em><br><em><strong>David Mudrini\u0107<\/strong><\/em><br><em><strong>Mirta Pralija<\/strong><\/em><br><em><strong>David Duki\u0107<\/strong><\/em><br><em><strong>Buga Mlinari\u0107<\/strong><\/em><br><em><strong>Vida Snoj<\/strong><\/em><br><em><strong>Rene Jarnjak<\/strong><\/em><br><em><strong>Tessa Melischnig<\/strong><\/em><br><em><strong>Niko Balti\u0107<\/strong><\/em><br><em><strong>Agata Hrestak<\/strong><\/em><br><em><strong>Hana Juran<\/strong><\/em><\/p>\n\n\n\n<p><em><strong>osvojili su 1. mjesto<\/strong> na tradicionalnom Bo\u017ei\u0107nom natjecanju za izbor najuspje\u0161nijeg plakata.<\/em><\/p>\n\n\n\n<p><strong><em>\u010cestitamo!<\/em><\/strong><\/p>\n\n\n\n<figure class=\"wp-block-image size-large\"><img loading=\"lazy\" width=\"620\" height=\"877\" src=\"https:\/\/www.suvag.hr\/ssj\/wp-content\/uploads\/image.png\" alt=\"\" class=\"wp-image-1117\" srcset=\"http:\/\/www.suvag.hr\/ssj\/wp-content\/uploads\/image.png 620w, http:\/\/www.suvag.hr\/ssj\/wp-content\/uploads\/image-212x300.png 212w\" sizes=\"(max-width: 620px) 100vw, 620px\" \/><\/figure>\n","protected":false},"excerpt":{"rendered":"<p>Na\u0161i polaznici pred\u0161kolskog engleskog: Katja FerderberLukas BeusanDina BagatinMarijo BagatinMarta Budi\u0161aPetra Cakta\u0161Amani JaklinFranka Bili\u0107Toma Bili\u0107David Mudrini\u0107Mirta PralijaDavid Duki\u0107Buga Mlinari\u0107Vida SnojRene JarnjakTessa MelischnigNiko Balti\u0107Agata HrestakHana Juran osvojili su 1. mjesto na tradicionalnom Bo\u017ei\u0107nom natjecanju za izbor najuspje\u0161nijeg plakata. \u010cestitamo!<\/p>\n","protected":false},"author":2,"featured_media":0,"comment_status":"closed","ping_status":"closed","sticky":false,"template":"","format":"standard","meta":[],"categories":[1],"tags":[],"_links":{"self":[{"href":"http:\/\/www.suvag.hr\/ssj\/wp-json\/wp\/v2\/posts\/1116"}],"collection":[{"href":"http:\/\/www.suvag.hr\/ssj\/wp-json\/wp\/v2\/posts"}],"about":[{"href":"http:\/\/www.suvag.hr\/ssj\/wp-json\/wp\/v2\/types\/post"}],"author":[{"embeddable":true,"href":"http:\/\/www.suvag.hr\/ssj\/wp-json\/wp\/v2\/users\/2"}],"replies":[{"embeddable":true,"href":"http:\/\/www.suvag.hr\/ssj\/wp-json\/wp\/v2\/comments?post=1116"}],"version-history":[{"count":1,"href":"http:\/\/www.suvag.hr\/ssj\/wp-json\/wp\/v2\/posts\/1116\/revisions"}],"predecessor-version":[{"id":1118,"href":"http:\/\/www.suvag.hr\/ssj\/wp-json\/wp\/v2\/posts\/1116\/revisions\/1118"}],"wp:attachment":[{"href":"http:\/\/www.suvag.hr\/ssj\/wp-json\/wp\/v2\/media?parent=1116"}],"wp:term":[{"taxonomy":"category","embeddable":true,"href":"http:\/\/www.suvag.hr\/ssj\/wp-json\/wp\/v2\/categories?post=1116"},{"taxonomy":"post_tag","embeddable":true,"href":"http:\/\/www.suvag.hr\/ssj\/wp-json\/wp\/v2\/tags?post=1116"}],"curies":[{"name":"wp","href":"https:\/\/api.w.org\/{rel}","templated":true}]}}