{"id":9687,"date":"2024-06-07T08:45:56","date_gmt":"2024-06-07T06:45:56","guid":{"rendered":"http:\/\/www.suvag.hr\/?p=9687"},"modified":"2024-06-07T09:11:19","modified_gmt":"2024-06-07T07:11:19","slug":"mjesec-svjesnosti-o-afaziji","status":"publish","type":"post","link":"http:\/\/www.suvag.hr\/en\/mjesec-svjesnosti-o-afaziji\/","title":{"rendered":"Mjesec svjesnosti o afaziji"},"content":{"rendered":"\n<p>Lipanj je mjesec posve\u0107en afaziji. Logopedi i drugi zdravstveni djelatnici diljem svijeta podi\u017eu svjesnost o afaziji kroz razli\u010dita doga\u0111anja i aktivnosti.<\/p>\n\n\n\n<p>Afazija je ste\u010deni jezi\u010dni poreme\u0107aj koji se naj\u010de\u0161\u0107e javlja nakon mo\u017edanog udara. Utje\u010de na svakodnevni \u017eivot pojedinca i njegove obitelji, ograni\u010dava sudjelovanje i uvodi promjene u razli\u010dite sastavnice njihova \u017eivota. Afazija je \u010desto pogre\u0161no shva\u0107ena \u0161to ja\u010da njezin negativan utjecaj. Osobe s afazijom suo\u010davaju se s gubitkom autonomije, promjenom uloga, stigmatizacijom te osje\u0107ajem bespomo\u0107nosti i izoliranosti.<\/p>\n\n\n\n<p>Prepoznavanje i razumijevanje ovog poreme\u0107aja u dru\u0161tvu mo\u017ee dovesti do velikih promjena i tako pozitivno utjecati na \u017eivote osoba s afazijom. Motivirani \u017eeljom za pozitivnom promjenom, vrijeme je da progovorimo o afaziji!<\/p>\n\n\n\n<p>Edukacijsko-rehabilitacijski fakultet i Hrvatsko logopedsko dru\u0161tvo pripremili su u lipnju dva doga\u0111aja posve\u0107ena afaziji:<\/p>\n\n\n\n<ul><li>Obilje\u017eavanje Mjeseca svjesnosti o afaziji na Edukacijsko-rehabilitacijskom fakultetu 7. lipnja u\u017eivo (plakat s programom i prijavom u prilogu)<\/li><li>Obilje\u017eavanje Mjeseca svjesnosti o afaziji u Poliklinici za rehabilitaciju slu\u0161anja i govora SUVAG 17. lipnja u hibridnom obliku (plakat s programom i prijavom u prilogu). Doga\u0111aj \u0107e se mo\u0107i pratiti i online putem sljede\u0107e poveznice: (Meeting ID: 857 8058 4673; Passcode: 779251)<\/li><\/ul>\n\n\n\n<p><a href=\"https:\/\/us06web.zoom.us\/j\/85780584673?pwd=2V2Cl2HblGJUtunMwjujHurYy7vMyR.1\">https:\/\/us06web.zoom.us\/j\/85780584673?pwd=2V2Cl2HblGJUtunMwjujHurYy7vMyR.1<\/a><\/p>\n\n\n\n<p>Pozivamo vas da se pridru\u017eite obilje\u017eavanju Mjeseca svjesnosti o afaziji kroz na\u0161a doga\u0111anja, ali tako\u0111er poti\u010demo da <em><strong>\u0161irite rije\u010d afazija<\/strong><\/em> u svojoj zajednici te kroz razli\u010dite dru\u0161tvene mre\u017ee. Zajedno smo glasniji!<\/p>\n\n\n\n<p>Veselimo se va\u0161em dolasku!<\/p>\n\n\n\n<p>Srda\u010dan pozdrav<\/p>\n\n\n\n<figure class=\"wp-block-image size-large\"><img loading=\"lazy\" width=\"1080\" height=\"1080\" src=\"http:\/\/www.suvag.hr\/nova\/wp-content\/uploads\/msoa.jpg\" alt=\"\" class=\"wp-image-9688\"\/><\/figure>\n\n\n\n<figure class=\"wp-block-image size-large\"><img loading=\"lazy\" width=\"4961\" height=\"7016\" src=\"http:\/\/www.suvag.hr\/nova\/wp-content\/uploads\/Program-Mjesec-svjesnosti-o-afaziji_Page_1.jpg\" alt=\"\" class=\"wp-image-9692\"\/><\/figure>\n\n\n\n<figure class=\"wp-block-image size-large\"><img loading=\"lazy\" width=\"2382\" height=\"3649\" src=\"http:\/\/www.suvag.hr\/nova\/wp-content\/uploads\/Program-Mjesec-svjesnosti-o-afaziji_Page_2.jpg\" alt=\"\" class=\"wp-image-9694\"\/><\/figure>\n\n\n\n<figure class=\"wp-block-image size-large\"><img loading=\"lazy\" width=\"2382\" height=\"3649\" src=\"http:\/\/www.suvag.hr\/nova\/wp-content\/uploads\/Program-Mjesec-svjesnosti-o-afaziji_Page_3.jpg\" alt=\"\" class=\"wp-image-9693\"\/><\/figure>\n\n\n\n<figure class=\"wp-block-image size-large\"><img loading=\"lazy\" width=\"1587\" height=\"2245\" src=\"http:\/\/www.suvag.hr\/nova\/wp-content\/uploads\/PROGRAM-ERF-Mjesec-svjesnosti-o-afaziji.png\" alt=\"\" class=\"wp-image-9695\"\/><\/figure>\n","protected":false},"excerpt":{"rendered":"<p>Lipanj je mjesec posve\u0107en afaziji. Logopedi i drugi zdravstveni djelatnici diljem svijeta podi\u017eu svjesnost o afaziji kroz razli\u010dita doga\u0111anja i aktivnosti. Afazija je ste\u010deni jezi\u010dni poreme\u0107aj koji se naj\u010de\u0161\u0107e javlja nakon mo\u017edanog udara. Utje\u010de na svakodnevni \u017eivot pojedinca i njegove obitelji, ograni\u010dava sudjelovanje i uvodi promjene u razli\u010dite sastavnice njihova &hellip; <a href=\"http:\/\/www.suvag.hr\/en\/mjesec-svjesnosti-o-afaziji\/\">Cijeli tekst \/ Continue reading <span class=\"meta-nav\">&rarr;<\/span><\/a><\/p>\n","protected":false},"author":1,"featured_media":0,"comment_status":"closed","ping_status":"open","sticky":false,"template":"","format":"standard","meta":[],"categories":[16,7],"tags":[],"_links":{"self":[{"href":"http:\/\/www.suvag.hr\/en\/wp-json\/wp\/v2\/posts\/9687"}],"collection":[{"href":"http:\/\/www.suvag.hr\/en\/wp-json\/wp\/v2\/posts"}],"about":[{"href":"http:\/\/www.suvag.hr\/en\/wp-json\/wp\/v2\/types\/post"}],"author":[{"embeddable":true,"href":"http:\/\/www.suvag.hr\/en\/wp-json\/wp\/v2\/users\/1"}],"replies":[{"embeddable":true,"href":"http:\/\/www.suvag.hr\/en\/wp-json\/wp\/v2\/comments?post=9687"}],"version-history":[{"count":4,"href":"http:\/\/www.suvag.hr\/en\/wp-json\/wp\/v2\/posts\/9687\/revisions"}],"predecessor-version":[{"id":9697,"href":"http:\/\/www.suvag.hr\/en\/wp-json\/wp\/v2\/posts\/9687\/revisions\/9697"}],"wp:attachment":[{"href":"http:\/\/www.suvag.hr\/en\/wp-json\/wp\/v2\/media?parent=9687"}],"wp:term":[{"taxonomy":"category","embeddable":true,"href":"http:\/\/www.suvag.hr\/en\/wp-json\/wp\/v2\/categories?post=9687"},{"taxonomy":"post_tag","embeddable":true,"href":"http:\/\/www.suvag.hr\/en\/wp-json\/wp\/v2\/tags?post=9687"}],"curies":[{"name":"wp","href":"https:\/\/api.w.org\/{rel}","templated":true}]}}