{"id":6831,"date":"2021-02-22T08:53:55","date_gmt":"2021-02-22T08:53:55","guid":{"rendered":"http:\/\/www.suvag.hr\/?p=6831"},"modified":"2021-02-22T08:53:56","modified_gmt":"2021-02-22T08:53:56","slug":"za-djecu-iz-dv-bubamara-u-glini-18-veljace-2021-provedena-je-akcija-djeca-za-djecu-poklon-iz-srca-na-vasa-vrata-kuca","status":"publish","type":"post","link":"http:\/\/www.suvag.hr\/en\/za-djecu-iz-dv-bubamara-u-glini-18-veljace-2021-provedena-je-akcija-djeca-za-djecu-poklon-iz-srca-na-vasa-vrata-kuca\/","title":{"rendered":"Za djecu iz DV Bubamara u Glini, 18. velja\u010de 2021., provedena je akcija \u201cDjeca za djecu &#8211; poklon iz srca na va\u0161a vrata kuca\u201d"},"content":{"rendered":"\n<p><strong>Djeca iz Dje\u010djeg vrti\u0107a Poliklinike SUVAG su u velja\u010di, mjesecu ljubavi, poklonila igra\u010dke svojim vr\u0161njacima u Glini. U\u010de\u0107i se humanosti od malih nogu, uz pomo\u0107 svojih roditelja, prikupili su poklone za prijatelje i zajedno s rehabilitatorima ukrasili kutije koje su sretno pokucale na vrata Dje\u010djeg vrti\u0107a Bubamara u Glini. Potaknuti razmi\u0161ljanjima o njihovim vr\u0161njacima u potresom pogo\u0111enom podru\u010dju osmi\u0161ljena je i pjesmica koja se nalazi u privitku, zajedno s fotografijama akcije!<\/strong><\/p>\n\n\n\n<div class=\"wp-block-columns\">\n<div class=\"wp-block-column\">\n<p><\/p>\n<\/div>\n<\/div>\n\n\n\n<figure class=\"wp-block-image size-large\"><img loading=\"lazy\" width=\"646\" height=\"913\" src=\"http:\/\/www.suvag.hr\/nova\/wp-content\/uploads\/Djeca-za-djecu_1.jpg\" alt=\"\" class=\"wp-image-6833\" srcset=\"http:\/\/www.suvag.hr\/nova\/wp-content\/uploads\/Djeca-za-djecu_1.jpg 646w, http:\/\/www.suvag.hr\/nova\/wp-content\/uploads\/Djeca-za-djecu_1-212x300.jpg 212w, http:\/\/www.suvag.hr\/nova\/wp-content\/uploads\/Djeca-za-djecu_1-82x116.jpg 82w\" sizes=\"(max-width: 646px) 100vw, 646px\" \/><\/figure>\n\n\n\n<figure class=\"wp-block-image size-large\"><img loading=\"lazy\" width=\"646\" height=\"913\" src=\"http:\/\/www.suvag.hr\/nova\/wp-content\/uploads\/Djeca-za-djecu_2.jpg\" alt=\"\" class=\"wp-image-6834\" srcset=\"http:\/\/www.suvag.hr\/nova\/wp-content\/uploads\/Djeca-za-djecu_2.jpg 646w, http:\/\/www.suvag.hr\/nova\/wp-content\/uploads\/Djeca-za-djecu_2-212x300.jpg 212w, http:\/\/www.suvag.hr\/nova\/wp-content\/uploads\/Djeca-za-djecu_2-82x116.jpg 82w\" sizes=\"(max-width: 646px) 100vw, 646px\" \/><\/figure>\n\n\n\n<figure class=\"wp-block-image size-large\"><img loading=\"lazy\" width=\"646\" height=\"913\" src=\"http:\/\/www.suvag.hr\/nova\/wp-content\/uploads\/Djeca-za-djecu_3.jpg\" alt=\"\" class=\"wp-image-6832\" srcset=\"http:\/\/www.suvag.hr\/nova\/wp-content\/uploads\/Djeca-za-djecu_3.jpg 646w, http:\/\/www.suvag.hr\/nova\/wp-content\/uploads\/Djeca-za-djecu_3-212x300.jpg 212w, http:\/\/www.suvag.hr\/nova\/wp-content\/uploads\/Djeca-za-djecu_3-82x116.jpg 82w\" sizes=\"(max-width: 646px) 100vw, 646px\" \/><\/figure>\n\n\n\n<p><\/p>\n","protected":false},"excerpt":{"rendered":"<p>Djeca iz Dje\u010djeg vrti\u0107a Poliklinike SUVAG su u velja\u010di, mjesecu ljubavi, poklonila igra\u010dke svojim vr\u0161njacima u Glini. U\u010de\u0107i se humanosti od malih nogu, uz pomo\u0107 svojih roditelja, prikupili su poklone za prijatelje i zajedno s rehabilitatorima ukrasili kutije koje su sretno pokucale na vrata Dje\u010djeg vrti\u0107a Bubamara u Glini. Potaknuti &hellip; <a href=\"http:\/\/www.suvag.hr\/en\/za-djecu-iz-dv-bubamara-u-glini-18-veljace-2021-provedena-je-akcija-djeca-za-djecu-poklon-iz-srca-na-vasa-vrata-kuca\/\">Cijeli tekst \/ Continue reading <span class=\"meta-nav\">&rarr;<\/span><\/a><\/p>\n","protected":false},"author":2,"featured_media":0,"comment_status":"closed","ping_status":"open","sticky":false,"template":"","format":"standard","meta":[],"categories":[1],"tags":[],"_links":{"self":[{"href":"http:\/\/www.suvag.hr\/en\/wp-json\/wp\/v2\/posts\/6831"}],"collection":[{"href":"http:\/\/www.suvag.hr\/en\/wp-json\/wp\/v2\/posts"}],"about":[{"href":"http:\/\/www.suvag.hr\/en\/wp-json\/wp\/v2\/types\/post"}],"author":[{"embeddable":true,"href":"http:\/\/www.suvag.hr\/en\/wp-json\/wp\/v2\/users\/2"}],"replies":[{"embeddable":true,"href":"http:\/\/www.suvag.hr\/en\/wp-json\/wp\/v2\/comments?post=6831"}],"version-history":[{"count":1,"href":"http:\/\/www.suvag.hr\/en\/wp-json\/wp\/v2\/posts\/6831\/revisions"}],"predecessor-version":[{"id":6835,"href":"http:\/\/www.suvag.hr\/en\/wp-json\/wp\/v2\/posts\/6831\/revisions\/6835"}],"wp:attachment":[{"href":"http:\/\/www.suvag.hr\/en\/wp-json\/wp\/v2\/media?parent=6831"}],"wp:term":[{"taxonomy":"category","embeddable":true,"href":"http:\/\/www.suvag.hr\/en\/wp-json\/wp\/v2\/categories?post=6831"},{"taxonomy":"post_tag","embeddable":true,"href":"http:\/\/www.suvag.hr\/en\/wp-json\/wp\/v2\/tags?post=6831"}],"curies":[{"name":"wp","href":"https:\/\/api.w.org\/{rel}","templated":true}]}}