{"id":11753,"date":"2026-03-06T14:58:00","date_gmt":"2026-03-06T12:58:00","guid":{"rendered":"http:\/\/www.suvag.hr\/?p=11753"},"modified":"2026-03-09T11:58:32","modified_gmt":"2026-03-09T09:58:32","slug":"obiljezavanje-svjetskog-dana-borbe-protiv-tuberkuloze-2026","status":"publish","type":"post","link":"http:\/\/www.suvag.hr\/en\/obiljezavanje-svjetskog-dana-borbe-protiv-tuberkuloze-2026\/","title":{"rendered":"Obilje\u017eavanje Svjetskog dana borbe protiv tuberkuloze 2026."},"content":{"rendered":"\n<h1><\/h1>\n\n\n\n<figure class=\"wp-block-image size-large\"><img loading=\"lazy\" width=\"735\" height=\"490\" src=\"https:\/\/www.suvag.hr\/nova\/wp-content\/uploads\/image-9.png\" alt=\"\" class=\"wp-image-11754\"\/><\/figure>\n\n\n\n<p><a href=\"https:\/\/zagreb.hr\/UserDocsImages\/arhiva\/zdravlje\/fotografije\/TBC.jpg?preset=clanakFotogalerijaSmallImageLightCase\"><\/a><strong><\/strong><\/p>\n\n\n\n<p>Povodom obilje\u017eavanja Svjetskog dana borbe protiv tuberkuloze, Gradski ured za socijalnu za\u0161titu, zdravstvo, branitelje i osobe s invaliditetom i Specijalna bolnica za plu\u0107ne bolesti organiziraju Stru\u010dni sastanak pod nazivom&nbsp;<strong>\u201eTUBERKULOZA PLU\u0106A \u2013 IZAZOVI I PREPREKE U DIJAGNOSTICI I LIJE\u010cENJU\u201c<\/strong>.<br><br>Sastanak \u0107e se odr\u017eati&nbsp;<strong>24. o\u017eujka 2026. godine, u vremenu od 9:00 do 13:00 sati<\/strong>&nbsp;u prostoru Tribine Grada Zagreba, Kaptol 27 te \u0107e biti bodovan u skladu s va\u017ee\u0107im pravilnicima nadle\u017enih komora, Hrvatske komore medicinskih sestara i Hrvatske lije\u010dni\u010dke komore.<br><br>Cilj Stru\u010dnog sastanka je <strong>razmjena i unaprje\u0111enje znanja i iskustava te podizanje svijesti o tuberkulozi<\/strong> <strong>me\u0111u zdravstvenim djelatnicima<\/strong>. Poseban naglasak stavit \u0107e&nbsp;se na pravodobno prepoznavanje bolesti i ranije postavljanje dijagnoze, uz raspravu o izazovima u klini\u010dkoj praksi i suvremenim terapijskim pristupima.<\/p>\n\n\n\n<p>Molimo da se nazo\u010dnost na doga\u0111anju potvrdi putem obrasca na poveznici <strong><a href=\"https:\/\/forms.office.com\/pages\/responsepage.aspx?id=-IVcNx2VeEucy0MrGrTK6nGB49KKWh1GlePL0SifMpJUQUtVR1ZOSFE3RFZPUkJYUE5CWDI1NTBITi4u&amp;route=shorturl\">ovdje.<\/a><\/strong><br><strong><a href=\"https:\/\/www.zagreb.hr\/userdocsimages\/arhiva\/zdravlje\/fotografije\/PROGRAM%20ZA%20DAN%20TUBERKULOZE%2024.03.2026.pdf\">Preliminarni Program doga\u0111anja<\/a><\/strong><br><br><\/p>\n","protected":false},"excerpt":{"rendered":"<p>Povodom obilje\u017eavanja Svjetskog dana borbe protiv tuberkuloze, Gradski ured za socijalnu za\u0161titu, zdravstvo, branitelje i osobe s invaliditetom i Specijalna bolnica za plu\u0107ne bolesti organiziraju Stru\u010dni sastanak pod nazivom&nbsp;\u201eTUBERKULOZA PLU\u0106A \u2013 IZAZOVI I PREPREKE U DIJAGNOSTICI I LIJE\u010cENJU\u201c. Sastanak \u0107e se odr\u017eati&nbsp;24. o\u017eujka 2026. godine, u vremenu od 9:00 do &hellip; <a href=\"http:\/\/www.suvag.hr\/en\/obiljezavanje-svjetskog-dana-borbe-protiv-tuberkuloze-2026\/\">Cijeli tekst \/ Continue reading <span class=\"meta-nav\">&rarr;<\/span><\/a><\/p>\n","protected":false},"author":1,"featured_media":0,"comment_status":"closed","ping_status":"open","sticky":false,"template":"","format":"standard","meta":[],"categories":[16],"tags":[],"_links":{"self":[{"href":"http:\/\/www.suvag.hr\/en\/wp-json\/wp\/v2\/posts\/11753"}],"collection":[{"href":"http:\/\/www.suvag.hr\/en\/wp-json\/wp\/v2\/posts"}],"about":[{"href":"http:\/\/www.suvag.hr\/en\/wp-json\/wp\/v2\/types\/post"}],"author":[{"embeddable":true,"href":"http:\/\/www.suvag.hr\/en\/wp-json\/wp\/v2\/users\/1"}],"replies":[{"embeddable":true,"href":"http:\/\/www.suvag.hr\/en\/wp-json\/wp\/v2\/comments?post=11753"}],"version-history":[{"count":1,"href":"http:\/\/www.suvag.hr\/en\/wp-json\/wp\/v2\/posts\/11753\/revisions"}],"predecessor-version":[{"id":11755,"href":"http:\/\/www.suvag.hr\/en\/wp-json\/wp\/v2\/posts\/11753\/revisions\/11755"}],"wp:attachment":[{"href":"http:\/\/www.suvag.hr\/en\/wp-json\/wp\/v2\/media?parent=11753"}],"wp:term":[{"taxonomy":"category","embeddable":true,"href":"http:\/\/www.suvag.hr\/en\/wp-json\/wp\/v2\/categories?post=11753"},{"taxonomy":"post_tag","embeddable":true,"href":"http:\/\/www.suvag.hr\/en\/wp-json\/wp\/v2\/tags?post=11753"}],"curies":[{"name":"wp","href":"https:\/\/api.w.org\/{rel}","templated":true}]}}