{"id":11543,"date":"2026-01-22T15:24:09","date_gmt":"2026-01-22T13:24:09","guid":{"rendered":"http:\/\/www.suvag.hr\/?p=11543"},"modified":"2026-01-22T15:24:10","modified_gmt":"2026-01-22T13:24:10","slug":"dan-crvenih-haljina-2026","status":"publish","type":"post","link":"http:\/\/www.suvag.hr\/en\/dan-crvenih-haljina-2026\/","title":{"rendered":"Dan crvenih haljina 2026"},"content":{"rendered":"\n<p><strong>Mo\u017edani udari uzimaju \u017eivote, osna\u017eimo na\u0161u djecu da naprave razliku!<\/strong><\/p>\n\n\n\n<p><strong>Hrvatski lije\u010dni\u010dki zbor \u2013Hrvatsko neurolo\u0161ko dru\u0161tvo i Gradski ured za socijalnu za\u0161titu, zdravstvo, branitelje i osobe s invaliditetom ve\u0107 osmu godinu organiziraju javnozdravstvenu- edukativnu kampanju \u201eDan crvenih haljina\u201c. Kampanja je usmjerena na obilje\u017eja i specifi\u010dnosti mo\u017edanog udara u \u017eena te izazove u lije\u010denju i prevenciji bolesti. Cilj ove opse\u017ene javnozdravstvene akcije jest upravo podizanje svijesti o specifi\u010dnostima mo\u017edanog udara te nagla\u0161avanje potrebe za promjenama \u017eivotnih navika &#8211;&nbsp; <a href=\"https:\/\/hr-hr.fastheroes.com\/\">https:\/\/hr-hr.fastheroes.com\/<\/a>.&nbsp;<\/strong><\/p>\n\n\n\n<p><strong>Nau\u010dite simptome mo\u017edanog udara i spasite \u017eivote!<\/strong><\/p>\n","protected":false},"excerpt":{"rendered":"<p>Mo\u017edani udari uzimaju \u017eivote, osna\u017eimo na\u0161u djecu da naprave razliku! Hrvatski lije\u010dni\u010dki zbor \u2013Hrvatsko neurolo\u0161ko dru\u0161tvo i Gradski ured za socijalnu za\u0161titu, zdravstvo, branitelje i osobe s invaliditetom ve\u0107 osmu godinu organiziraju javnozdravstvenu- edukativnu kampanju \u201eDan crvenih haljina\u201c. Kampanja je usmjerena na obilje\u017eja i specifi\u010dnosti mo\u017edanog udara u \u017eena te &hellip; <a href=\"http:\/\/www.suvag.hr\/en\/dan-crvenih-haljina-2026\/\">Cijeli tekst \/ Continue reading <span class=\"meta-nav\">&rarr;<\/span><\/a><\/p>\n","protected":false},"author":1,"featured_media":0,"comment_status":"closed","ping_status":"open","sticky":false,"template":"","format":"standard","meta":[],"categories":[1],"tags":[],"_links":{"self":[{"href":"http:\/\/www.suvag.hr\/en\/wp-json\/wp\/v2\/posts\/11543"}],"collection":[{"href":"http:\/\/www.suvag.hr\/en\/wp-json\/wp\/v2\/posts"}],"about":[{"href":"http:\/\/www.suvag.hr\/en\/wp-json\/wp\/v2\/types\/post"}],"author":[{"embeddable":true,"href":"http:\/\/www.suvag.hr\/en\/wp-json\/wp\/v2\/users\/1"}],"replies":[{"embeddable":true,"href":"http:\/\/www.suvag.hr\/en\/wp-json\/wp\/v2\/comments?post=11543"}],"version-history":[{"count":1,"href":"http:\/\/www.suvag.hr\/en\/wp-json\/wp\/v2\/posts\/11543\/revisions"}],"predecessor-version":[{"id":11544,"href":"http:\/\/www.suvag.hr\/en\/wp-json\/wp\/v2\/posts\/11543\/revisions\/11544"}],"wp:attachment":[{"href":"http:\/\/www.suvag.hr\/en\/wp-json\/wp\/v2\/media?parent=11543"}],"wp:term":[{"taxonomy":"category","embeddable":true,"href":"http:\/\/www.suvag.hr\/en\/wp-json\/wp\/v2\/categories?post=11543"},{"taxonomy":"post_tag","embeddable":true,"href":"http:\/\/www.suvag.hr\/en\/wp-json\/wp\/v2\/tags?post=11543"}],"curies":[{"name":"wp","href":"https:\/\/api.w.org\/{rel}","templated":true}]}}